{"id":473,"date":"2022-03-19T12:09:25","date_gmt":"2022-03-19T10:09:25","guid":{"rendered":"https:\/\/www.talent.barcelona\/lalta-flipamenta-de-marc-sarrats-cuelga-el-cartel-de-sold-out-en-la-barts\/"},"modified":"2022-04-15T13:23:38","modified_gmt":"2022-04-15T11:23:38","slug":"lalta-flipamenta-de-marc-sarrats-cuelga-el-cartel-de-sold-out-en-la-barts","status":"publish","type":"post","link":"https:\/\/www.talent.barcelona\/es\/lalta-flipamenta-de-marc-sarrats-cuelga-el-cartel-de-sold-out-en-la-barts\/","title":{"rendered":"L\u2019ALTA FLIPAMENTA DE MARC SARRATS CUELGA EL CARTEL DE SOLD OUT EN LA SALA BARTS"},"content":{"rendered":"<p><img loading=\"lazy\" decoding=\"async\" class=\"alignnone size-medium wp-image-487\" src=\"https:\/\/www.talent.barcelona\/wp-content\/uploads\/2022\/03\/Marc_Sarrats_InRisus__M6I9486_PhotoXaviTorrent-454x303.jpg\" alt=\"\" width=\"454\" height=\"303\" \/><\/p>\n<p>Si le dices a Marc Sarrats que su espect\u00e1culo es buen\u00edsimo, s\u00f3lo le saldr\u00e1n tres palabras: \u00abya lo s\u00e9\u00bb, tanto es as\u00ed que el pasado 17 de marzo colg\u00f3 el cartel de \u201c<strong>SOLD OUT<\/strong>\u201d en la sala Barts en la primera edici\u00f3n de Inrisus, el festival de humor de Barcelona. Marc ten\u00eda una misi\u00f3n terap\u00e9utica: curar el s\u00edndromo del impostor a todos los miembros del p\u00fablico.<\/p>\n<p>Si alguna vez has o\u00eddo que tus logros no ten\u00edan ning\u00fan m\u00e9rito, que eres un fraude o que no te merezcas llegar donde lo has hecho, \u00e9ste es tu espect\u00e1culo.<\/p>\n<p>Atenci\u00f3n en las redes, \u00a1no querr\u00e1s perderte lo que est\u00e1s por llegar!<\/p>\n","protected":false},"excerpt":{"rendered":"<p>Si le dices a Marc Sarrats que su espect\u00e1culo es buen\u00edsimo, s\u00f3lo le saldr\u00e1n tres palabras: \u00abya lo s\u00e9\u00bb, tanto es as\u00ed que el pasado 17 de marzo colg\u00f3 el cartel de \u201cSOLD OUT\u201d en la sala Barts en la primera edici\u00f3n de Inrisus, el festival de humor de Barcelona. Marc ten\u00eda una misi\u00f3n terap\u00e9utica: [&hellip;]<\/p>\n","protected":false},"author":1,"featured_media":0,"comment_status":"closed","ping_status":"closed","sticky":false,"template":"","format":"standard","meta":{"_acf_changed":false,"_et_pb_use_builder":"","_et_pb_old_content":"","_et_gb_content_width":"","footnotes":""},"categories":[11],"tags":[],"class_list":["post-473","post","type-post","status-publish","format-standard","hentry","category-talent"],"acf":[],"yoast_head":"<!-- This site is optimized with the Yoast SEO plugin v27.4 - https:\/\/yoast.com\/product\/yoast-seo-wordpress\/ -->\n<title>L\u2019ALTA FLIPAMENTA DE MARC SARRATS CUELGA EL CARTEL DE SOLD OUT EN LA SALA BARTS - TALENT<\/title>\n<meta name=\"robots\" content=\"index, follow, max-snippet:-1, max-image-preview:large, max-video-preview:-1\" \/>\n<link rel=\"canonical\" href=\"https:\/\/www.talent.barcelona\/es\/lalta-flipamenta-de-marc-sarrats-cuelga-el-cartel-de-sold-out-en-la-barts\/\" \/>\n<meta property=\"og:locale\" content=\"es_ES\" \/>\n<meta property=\"og:type\" content=\"article\" \/>\n<meta property=\"og:title\" content=\"L\u2019ALTA FLIPAMENTA DE MARC SARRATS CUELGA EL CARTEL DE SOLD OUT EN LA SALA BARTS - TALENT\" \/>\n<meta property=\"og:description\" content=\"Si le dices a Marc Sarrats que su espect\u00e1culo es buen\u00edsimo, s\u00f3lo le saldr\u00e1n tres palabras: \u00abya lo s\u00e9\u00bb, tanto es as\u00ed que el pasado 17 de marzo colg\u00f3 el cartel de \u201cSOLD OUT\u201d en la sala Barts en la primera edici\u00f3n de Inrisus, el festival de humor de Barcelona. Marc ten\u00eda una misi\u00f3n terap\u00e9utica: [&hellip;]\" \/>\n<meta property=\"og:url\" content=\"https:\/\/www.talent.barcelona\/es\/lalta-flipamenta-de-marc-sarrats-cuelga-el-cartel-de-sold-out-en-la-barts\/\" \/>\n<meta property=\"og:site_name\" content=\"TALENT\" \/>\n<meta property=\"article:published_time\" content=\"2022-03-19T10:09:25+00:00\" \/>\n<meta property=\"article:modified_time\" content=\"2022-04-15T11:23:38+00:00\" \/>\n<meta property=\"og:image\" content=\"https:\/\/www.talent.barcelona\/wp-content\/uploads\/2022\/03\/Marc_Sarrats_InRisus__M6I9486_PhotoXaviTorrent-454x303.jpg\" \/>\n<meta name=\"author\" content=\"arluk\" \/>\n<meta name=\"twitter:card\" content=\"summary_large_image\" \/>\n<meta name=\"twitter:label1\" content=\"Escrito por\" \/>\n\t<meta name=\"twitter:data1\" content=\"arluk\" \/>\n\t<meta name=\"twitter:label2\" content=\"Tiempo de lectura\" \/>\n\t<meta name=\"twitter:data2\" content=\"1 minuto\" \/>\n<script type=\"application\/ld+json\" class=\"yoast-schema-graph\">{\"@context\":\"https:\\\/\\\/schema.org\",\"@graph\":[{\"@type\":\"Article\",\"@id\":\"https:\\\/\\\/www.talent.barcelona\\\/es\\\/lalta-flipamenta-de-marc-sarrats-cuelga-el-cartel-de-sold-out-en-la-barts\\\/#article\",\"isPartOf\":{\"@id\":\"https:\\\/\\\/www.talent.barcelona\\\/es\\\/lalta-flipamenta-de-marc-sarrats-cuelga-el-cartel-de-sold-out-en-la-barts\\\/\"},\"author\":{\"name\":\"arluk\",\"@id\":\"https:\\\/\\\/www.talent.barcelona\\\/#\\\/schema\\\/person\\\/2a975f3dda71ae9da02c638696361b0e\"},\"headline\":\"L\u2019ALTA FLIPAMENTA DE MARC SARRATS CUELGA EL CARTEL DE SOLD OUT EN LA SALA BARTS\",\"datePublished\":\"2022-03-19T10:09:25+00:00\",\"dateModified\":\"2022-04-15T11:23:38+00:00\",\"mainEntityOfPage\":{\"@id\":\"https:\\\/\\\/www.talent.barcelona\\\/es\\\/lalta-flipamenta-de-marc-sarrats-cuelga-el-cartel-de-sold-out-en-la-barts\\\/\"},\"wordCount\":141,\"image\":{\"@id\":\"https:\\\/\\\/www.talent.barcelona\\\/es\\\/lalta-flipamenta-de-marc-sarrats-cuelga-el-cartel-de-sold-out-en-la-barts\\\/#primaryimage\"},\"thumbnailUrl\":\"https:\\\/\\\/www.talent.barcelona\\\/wp-content\\\/uploads\\\/2022\\\/03\\\/Marc_Sarrats_InRisus__M6I9486_PhotoXaviTorrent-454x303.jpg\",\"articleSection\":[\"Talent\"],\"inLanguage\":\"es\"},{\"@type\":\"WebPage\",\"@id\":\"https:\\\/\\\/www.talent.barcelona\\\/es\\\/lalta-flipamenta-de-marc-sarrats-cuelga-el-cartel-de-sold-out-en-la-barts\\\/\",\"url\":\"https:\\\/\\\/www.talent.barcelona\\\/es\\\/lalta-flipamenta-de-marc-sarrats-cuelga-el-cartel-de-sold-out-en-la-barts\\\/\",\"name\":\"L\u2019ALTA FLIPAMENTA DE MARC SARRATS CUELGA EL CARTEL DE SOLD OUT EN LA SALA BARTS - TALENT\",\"isPartOf\":{\"@id\":\"https:\\\/\\\/www.talent.barcelona\\\/#website\"},\"primaryImageOfPage\":{\"@id\":\"https:\\\/\\\/www.talent.barcelona\\\/es\\\/lalta-flipamenta-de-marc-sarrats-cuelga-el-cartel-de-sold-out-en-la-barts\\\/#primaryimage\"},\"image\":{\"@id\":\"https:\\\/\\\/www.talent.barcelona\\\/es\\\/lalta-flipamenta-de-marc-sarrats-cuelga-el-cartel-de-sold-out-en-la-barts\\\/#primaryimage\"},\"thumbnailUrl\":\"https:\\\/\\\/www.talent.barcelona\\\/wp-content\\\/uploads\\\/2022\\\/03\\\/Marc_Sarrats_InRisus__M6I9486_PhotoXaviTorrent-454x303.jpg\",\"datePublished\":\"2022-03-19T10:09:25+00:00\",\"dateModified\":\"2022-04-15T11:23:38+00:00\",\"author\":{\"@id\":\"https:\\\/\\\/www.talent.barcelona\\\/#\\\/schema\\\/person\\\/2a975f3dda71ae9da02c638696361b0e\"},\"breadcrumb\":{\"@id\":\"https:\\\/\\\/www.talent.barcelona\\\/es\\\/lalta-flipamenta-de-marc-sarrats-cuelga-el-cartel-de-sold-out-en-la-barts\\\/#breadcrumb\"},\"inLanguage\":\"es\",\"potentialAction\":[{\"@type\":\"ReadAction\",\"target\":[\"https:\\\/\\\/www.talent.barcelona\\\/es\\\/lalta-flipamenta-de-marc-sarrats-cuelga-el-cartel-de-sold-out-en-la-barts\\\/\"]}]},{\"@type\":\"ImageObject\",\"inLanguage\":\"es\",\"@id\":\"https:\\\/\\\/www.talent.barcelona\\\/es\\\/lalta-flipamenta-de-marc-sarrats-cuelga-el-cartel-de-sold-out-en-la-barts\\\/#primaryimage\",\"url\":\"https:\\\/\\\/www.talent.barcelona\\\/wp-content\\\/uploads\\\/2022\\\/03\\\/Marc_Sarrats_InRisus__M6I9486_PhotoXaviTorrent-454x303.jpg\",\"contentUrl\":\"https:\\\/\\\/www.talent.barcelona\\\/wp-content\\\/uploads\\\/2022\\\/03\\\/Marc_Sarrats_InRisus__M6I9486_PhotoXaviTorrent-454x303.jpg\"},{\"@type\":\"BreadcrumbList\",\"@id\":\"https:\\\/\\\/www.talent.barcelona\\\/es\\\/lalta-flipamenta-de-marc-sarrats-cuelga-el-cartel-de-sold-out-en-la-barts\\\/#breadcrumb\",\"itemListElement\":[{\"@type\":\"ListItem\",\"position\":1,\"name\":\"Inici\",\"item\":\"https:\\\/\\\/www.talent.barcelona\\\/es\\\/\"},{\"@type\":\"ListItem\",\"position\":2,\"name\":\"L\u2019ALTA FLIPAMENTA DE MARC SARRATS CUELGA EL CARTEL DE SOLD OUT EN LA SALA BARTS\"}]},{\"@type\":\"WebSite\",\"@id\":\"https:\\\/\\\/www.talent.barcelona\\\/#website\",\"url\":\"https:\\\/\\\/www.talent.barcelona\\\/\",\"name\":\"TALENT\",\"description\":\"REPRESENTACI\u00d3 I PROMOCI\u00d3 D\u2019ARTISTES\",\"potentialAction\":[{\"@type\":\"SearchAction\",\"target\":{\"@type\":\"EntryPoint\",\"urlTemplate\":\"https:\\\/\\\/www.talent.barcelona\\\/?s={search_term_string}\"},\"query-input\":{\"@type\":\"PropertyValueSpecification\",\"valueRequired\":true,\"valueName\":\"search_term_string\"}}],\"inLanguage\":\"es\"},{\"@type\":\"Person\",\"@id\":\"https:\\\/\\\/www.talent.barcelona\\\/#\\\/schema\\\/person\\\/2a975f3dda71ae9da02c638696361b0e\",\"name\":\"arluk\",\"sameAs\":[\"https:\\\/\\\/www.talent.barcelona\"],\"url\":\"https:\\\/\\\/www.talent.barcelona\\\/es\\\/author\\\/arluk\\\/\"}]}<\/script>\n<!-- \/ Yoast SEO plugin. -->","yoast_head_json":{"title":"L\u2019ALTA FLIPAMENTA DE MARC SARRATS CUELGA EL CARTEL DE SOLD OUT EN LA SALA BARTS - TALENT","robots":{"index":"index","follow":"follow","max-snippet":"max-snippet:-1","max-image-preview":"max-image-preview:large","max-video-preview":"max-video-preview:-1"},"canonical":"https:\/\/www.talent.barcelona\/es\/lalta-flipamenta-de-marc-sarrats-cuelga-el-cartel-de-sold-out-en-la-barts\/","og_locale":"es_ES","og_type":"article","og_title":"L\u2019ALTA FLIPAMENTA DE MARC SARRATS CUELGA EL CARTEL DE SOLD OUT EN LA SALA BARTS - TALENT","og_description":"Si le dices a Marc Sarrats que su espect\u00e1culo es buen\u00edsimo, s\u00f3lo le saldr\u00e1n tres palabras: \u00abya lo s\u00e9\u00bb, tanto es as\u00ed que el pasado 17 de marzo colg\u00f3 el cartel de \u201cSOLD OUT\u201d en la sala Barts en la primera edici\u00f3n de Inrisus, el festival de humor de Barcelona. Marc ten\u00eda una misi\u00f3n terap\u00e9utica: [&hellip;]","og_url":"https:\/\/www.talent.barcelona\/es\/lalta-flipamenta-de-marc-sarrats-cuelga-el-cartel-de-sold-out-en-la-barts\/","og_site_name":"TALENT","article_published_time":"2022-03-19T10:09:25+00:00","article_modified_time":"2022-04-15T11:23:38+00:00","og_image":[{"url":"https:\/\/www.talent.barcelona\/wp-content\/uploads\/2022\/03\/Marc_Sarrats_InRisus__M6I9486_PhotoXaviTorrent-454x303.jpg","type":"","width":"","height":""}],"author":"arluk","twitter_card":"summary_large_image","twitter_misc":{"Escrito por":"arluk","Tiempo de lectura":"1 minuto"},"schema":{"@context":"https:\/\/schema.org","@graph":[{"@type":"Article","@id":"https:\/\/www.talent.barcelona\/es\/lalta-flipamenta-de-marc-sarrats-cuelga-el-cartel-de-sold-out-en-la-barts\/#article","isPartOf":{"@id":"https:\/\/www.talent.barcelona\/es\/lalta-flipamenta-de-marc-sarrats-cuelga-el-cartel-de-sold-out-en-la-barts\/"},"author":{"name":"arluk","@id":"https:\/\/www.talent.barcelona\/#\/schema\/person\/2a975f3dda71ae9da02c638696361b0e"},"headline":"L\u2019ALTA FLIPAMENTA DE MARC SARRATS CUELGA EL CARTEL DE SOLD OUT EN LA SALA BARTS","datePublished":"2022-03-19T10:09:25+00:00","dateModified":"2022-04-15T11:23:38+00:00","mainEntityOfPage":{"@id":"https:\/\/www.talent.barcelona\/es\/lalta-flipamenta-de-marc-sarrats-cuelga-el-cartel-de-sold-out-en-la-barts\/"},"wordCount":141,"image":{"@id":"https:\/\/www.talent.barcelona\/es\/lalta-flipamenta-de-marc-sarrats-cuelga-el-cartel-de-sold-out-en-la-barts\/#primaryimage"},"thumbnailUrl":"https:\/\/www.talent.barcelona\/wp-content\/uploads\/2022\/03\/Marc_Sarrats_InRisus__M6I9486_PhotoXaviTorrent-454x303.jpg","articleSection":["Talent"],"inLanguage":"es"},{"@type":"WebPage","@id":"https:\/\/www.talent.barcelona\/es\/lalta-flipamenta-de-marc-sarrats-cuelga-el-cartel-de-sold-out-en-la-barts\/","url":"https:\/\/www.talent.barcelona\/es\/lalta-flipamenta-de-marc-sarrats-cuelga-el-cartel-de-sold-out-en-la-barts\/","name":"L\u2019ALTA FLIPAMENTA DE MARC SARRATS CUELGA EL CARTEL DE SOLD OUT EN LA SALA BARTS - TALENT","isPartOf":{"@id":"https:\/\/www.talent.barcelona\/#website"},"primaryImageOfPage":{"@id":"https:\/\/www.talent.barcelona\/es\/lalta-flipamenta-de-marc-sarrats-cuelga-el-cartel-de-sold-out-en-la-barts\/#primaryimage"},"image":{"@id":"https:\/\/www.talent.barcelona\/es\/lalta-flipamenta-de-marc-sarrats-cuelga-el-cartel-de-sold-out-en-la-barts\/#primaryimage"},"thumbnailUrl":"https:\/\/www.talent.barcelona\/wp-content\/uploads\/2022\/03\/Marc_Sarrats_InRisus__M6I9486_PhotoXaviTorrent-454x303.jpg","datePublished":"2022-03-19T10:09:25+00:00","dateModified":"2022-04-15T11:23:38+00:00","author":{"@id":"https:\/\/www.talent.barcelona\/#\/schema\/person\/2a975f3dda71ae9da02c638696361b0e"},"breadcrumb":{"@id":"https:\/\/www.talent.barcelona\/es\/lalta-flipamenta-de-marc-sarrats-cuelga-el-cartel-de-sold-out-en-la-barts\/#breadcrumb"},"inLanguage":"es","potentialAction":[{"@type":"ReadAction","target":["https:\/\/www.talent.barcelona\/es\/lalta-flipamenta-de-marc-sarrats-cuelga-el-cartel-de-sold-out-en-la-barts\/"]}]},{"@type":"ImageObject","inLanguage":"es","@id":"https:\/\/www.talent.barcelona\/es\/lalta-flipamenta-de-marc-sarrats-cuelga-el-cartel-de-sold-out-en-la-barts\/#primaryimage","url":"https:\/\/www.talent.barcelona\/wp-content\/uploads\/2022\/03\/Marc_Sarrats_InRisus__M6I9486_PhotoXaviTorrent-454x303.jpg","contentUrl":"https:\/\/www.talent.barcelona\/wp-content\/uploads\/2022\/03\/Marc_Sarrats_InRisus__M6I9486_PhotoXaviTorrent-454x303.jpg"},{"@type":"BreadcrumbList","@id":"https:\/\/www.talent.barcelona\/es\/lalta-flipamenta-de-marc-sarrats-cuelga-el-cartel-de-sold-out-en-la-barts\/#breadcrumb","itemListElement":[{"@type":"ListItem","position":1,"name":"Inici","item":"https:\/\/www.talent.barcelona\/es\/"},{"@type":"ListItem","position":2,"name":"L\u2019ALTA FLIPAMENTA DE MARC SARRATS CUELGA EL CARTEL DE SOLD OUT EN LA SALA BARTS"}]},{"@type":"WebSite","@id":"https:\/\/www.talent.barcelona\/#website","url":"https:\/\/www.talent.barcelona\/","name":"TALENT","description":"REPRESENTACI\u00d3 I PROMOCI\u00d3 D\u2019ARTISTES","potentialAction":[{"@type":"SearchAction","target":{"@type":"EntryPoint","urlTemplate":"https:\/\/www.talent.barcelona\/?s={search_term_string}"},"query-input":{"@type":"PropertyValueSpecification","valueRequired":true,"valueName":"search_term_string"}}],"inLanguage":"es"},{"@type":"Person","@id":"https:\/\/www.talent.barcelona\/#\/schema\/person\/2a975f3dda71ae9da02c638696361b0e","name":"arluk","sameAs":["https:\/\/www.talent.barcelona"],"url":"https:\/\/www.talent.barcelona\/es\/author\/arluk\/"}]}},"_links":{"self":[{"href":"https:\/\/www.talent.barcelona\/es\/wp-json\/wp\/v2\/posts\/473","targetHints":{"allow":["GET"]}}],"collection":[{"href":"https:\/\/www.talent.barcelona\/es\/wp-json\/wp\/v2\/posts"}],"about":[{"href":"https:\/\/www.talent.barcelona\/es\/wp-json\/wp\/v2\/types\/post"}],"author":[{"embeddable":true,"href":"https:\/\/www.talent.barcelona\/es\/wp-json\/wp\/v2\/users\/1"}],"replies":[{"embeddable":true,"href":"https:\/\/www.talent.barcelona\/es\/wp-json\/wp\/v2\/comments?post=473"}],"version-history":[{"count":3,"href":"https:\/\/www.talent.barcelona\/es\/wp-json\/wp\/v2\/posts\/473\/revisions"}],"predecessor-version":[{"id":491,"href":"https:\/\/www.talent.barcelona\/es\/wp-json\/wp\/v2\/posts\/473\/revisions\/491"}],"wp:attachment":[{"href":"https:\/\/www.talent.barcelona\/es\/wp-json\/wp\/v2\/media?parent=473"}],"wp:term":[{"taxonomy":"category","embeddable":true,"href":"https:\/\/www.talent.barcelona\/es\/wp-json\/wp\/v2\/categories?post=473"},{"taxonomy":"post_tag","embeddable":true,"href":"https:\/\/www.talent.barcelona\/es\/wp-json\/wp\/v2\/tags?post=473"}],"curies":[{"name":"wp","href":"https:\/\/api.w.org\/{rel}","templated":true}]}}