{"id":1484,"date":"2023-06-13T17:35:12","date_gmt":"2023-06-13T15:35:12","guid":{"rendered":"https:\/\/www.talent.barcelona\/gira-del-20e-aniversari-de-calexico-interpretant-feast-of-wire\/"},"modified":"2023-06-30T11:42:39","modified_gmt":"2023-06-30T09:42:39","slug":"gira-del-20e-aniversari-de-calexico-interpretant-feast-of-wire","status":"publish","type":"post","link":"https:\/\/www.talent.barcelona\/es\/gira-del-20e-aniversari-de-calexico-interpretant-feast-of-wire\/","title":{"rendered":"\u00a1Gira del 20\u00ba Aniversario de Calexico interpretando \u00abFeast of Wire\u00bb!"},"content":{"rendered":"<p>Talent Barcelona en colaboraci\u00f3n con Last Tour se une a Calexico en su gira europea conmemorativa del 20\u00ba aniversario de su \u00e1lbum ic\u00f3nico \u00abFeast of Wire\u00bb. Este \u00e1lbum aclamado por la cr\u00edtica y el p\u00fablico les trajo el reconocimiento que merec\u00edan, con canciones seductoras que exploran la esperanza aplastada y la corrupci\u00f3n de la belleza.<\/p>\n<p>Durante el mes de octubre, la banda ofrecer\u00e1 una serie de conciertos en Vigo, Madrid, Zaragoza, Girona y Oporto en los que interpretar\u00e1n \u00abFeast of Wire\u00bb en su totalidad, junto con otros \u00e9xitos de su repertorio completo.<\/p>\n<p>Calexico ha sido una fuerza creativa en la escena musical durante m\u00e1s de tres d\u00e9cadas. Fundada por Joey Burns y John Convertino en Tucson, Arizona, ha dejado una huella indeleble en la m\u00fasica con su fusi\u00f3n de ra\u00edces, rock e influencias latinas. A lo largo de los a\u00f1os, Calexico ha seguido lanzando \u00e1lbumes aclamados, colaborando con diversos artistas y conquistando escenarios de renombre. Su m\u00fasica ha sido elogiada por su energ\u00eda en vivo y su capacidad para combinar la fuerza de Sonic Youth con la delicadeza de Elliott Smith.<\/p>\n<p>Des de Talent Barcelona estamos muy felices de poder vivir esta oportunidad de presenciar a Calexico en su gira del 20\u00ba aniversario.<\/p>\n<p>\u00a1\u00danete a Calexico en \u00abFeast of Wire\u00bb y descubre hacia d\u00f3nde los llevar\u00e1 su pr\u00f3xima aventura musical!<\/p>\n<p>Gira y entradas: <a href=\"https:\/\/lnkd.in\/dXAHghnc\">https:\/\/lnkd.in\/dXAHghnc<\/a><\/p>\n<p><img loading=\"lazy\" decoding=\"async\" class=\"alignnone size-medium wp-image-1545\" src=\"https:\/\/www.talent.barcelona\/wp-content\/uploads\/2023\/06\/Calexico_IG-303x303.jpg\" alt=\"\" width=\"303\" height=\"303\" \/><\/p>\n","protected":false},"excerpt":{"rendered":"<p>Talent Barcelona en colaboraci\u00f3n con Last Tour se une a Calexico en su gira europea conmemorativa del 20\u00ba aniversario de su \u00e1lbum ic\u00f3nico \u00abFeast of Wire\u00bb. Este \u00e1lbum aclamado por la cr\u00edtica y el p\u00fablico les trajo el reconocimiento que merec\u00edan, con canciones seductoras que exploran la esperanza aplastada y la corrupci\u00f3n de la belleza. [&hellip;]<\/p>\n","protected":false},"author":3,"featured_media":1420,"comment_status":"closed","ping_status":"closed","sticky":false,"template":"","format":"standard","meta":{"_acf_changed":false,"_et_pb_use_builder":"","_et_pb_old_content":"","_et_gb_content_width":"","footnotes":""},"categories":[11],"tags":[],"class_list":["post-1484","post","type-post","status-publish","format-standard","has-post-thumbnail","hentry","category-talent"],"acf":[],"yoast_head":"<!-- This site is optimized with the Yoast SEO plugin v27.4 - https:\/\/yoast.com\/product\/yoast-seo-wordpress\/ -->\n<title>\u00a1Gira del 20\u00ba Aniversario de Calexico interpretando &quot;Feast of Wire&quot;! - TALENT<\/title>\n<meta name=\"robots\" content=\"index, follow, max-snippet:-1, max-image-preview:large, max-video-preview:-1\" \/>\n<link rel=\"canonical\" href=\"https:\/\/www.talent.barcelona\/es\/gira-del-20e-aniversari-de-calexico-interpretant-feast-of-wire\/\" \/>\n<meta property=\"og:locale\" content=\"es_ES\" \/>\n<meta property=\"og:type\" content=\"article\" \/>\n<meta property=\"og:title\" content=\"\u00a1Gira del 20\u00ba Aniversario de Calexico interpretando &quot;Feast of Wire&quot;! - TALENT\" \/>\n<meta property=\"og:description\" content=\"Talent Barcelona en colaboraci\u00f3n con Last Tour se une a Calexico en su gira europea conmemorativa del 20\u00ba aniversario de su \u00e1lbum ic\u00f3nico \u00abFeast of Wire\u00bb. Este \u00e1lbum aclamado por la cr\u00edtica y el p\u00fablico les trajo el reconocimiento que merec\u00edan, con canciones seductoras que exploran la esperanza aplastada y la corrupci\u00f3n de la belleza. [&hellip;]\" \/>\n<meta property=\"og:url\" content=\"https:\/\/www.talent.barcelona\/es\/gira-del-20e-aniversari-de-calexico-interpretant-feast-of-wire\/\" \/>\n<meta property=\"og:site_name\" content=\"TALENT\" \/>\n<meta property=\"article:published_time\" content=\"2023-06-13T15:35:12+00:00\" \/>\n<meta property=\"article:modified_time\" content=\"2023-06-30T09:42:39+00:00\" \/>\n<meta property=\"og:image\" content=\"https:\/\/www.talent.barcelona\/wp-content\/uploads\/2023\/05\/Captura-de-Pantalla-2023-05-25-a-les-11.29.32-751x504.png\" \/>\n\t<meta property=\"og:image:width\" content=\"751\" \/>\n\t<meta property=\"og:image:height\" content=\"504\" \/>\n\t<meta property=\"og:image:type\" content=\"image\/png\" \/>\n<meta name=\"author\" content=\"talent\" \/>\n<meta name=\"twitter:card\" content=\"summary_large_image\" \/>\n<meta name=\"twitter:label1\" content=\"Escrito por\" \/>\n\t<meta name=\"twitter:data1\" content=\"talent\" \/>\n\t<meta name=\"twitter:label2\" content=\"Tiempo de lectura\" \/>\n\t<meta name=\"twitter:data2\" content=\"2 minutos\" \/>\n<script type=\"application\/ld+json\" class=\"yoast-schema-graph\">{\"@context\":\"https:\\\/\\\/schema.org\",\"@graph\":[{\"@type\":\"Article\",\"@id\":\"https:\\\/\\\/www.talent.barcelona\\\/es\\\/gira-del-20e-aniversari-de-calexico-interpretant-feast-of-wire\\\/#article\",\"isPartOf\":{\"@id\":\"https:\\\/\\\/www.talent.barcelona\\\/es\\\/gira-del-20e-aniversari-de-calexico-interpretant-feast-of-wire\\\/\"},\"author\":{\"name\":\"talent\",\"@id\":\"https:\\\/\\\/www.talent.barcelona\\\/#\\\/schema\\\/person\\\/90d30856db53f7ff9e3a71a33af7c87b\"},\"headline\":\"\u00a1Gira del 20\u00ba Aniversario de Calexico interpretando \u00abFeast of Wire\u00bb!\",\"datePublished\":\"2023-06-13T15:35:12+00:00\",\"dateModified\":\"2023-06-30T09:42:39+00:00\",\"mainEntityOfPage\":{\"@id\":\"https:\\\/\\\/www.talent.barcelona\\\/es\\\/gira-del-20e-aniversari-de-calexico-interpretant-feast-of-wire\\\/\"},\"wordCount\":251,\"image\":{\"@id\":\"https:\\\/\\\/www.talent.barcelona\\\/es\\\/gira-del-20e-aniversari-de-calexico-interpretant-feast-of-wire\\\/#primaryimage\"},\"thumbnailUrl\":\"https:\\\/\\\/www.talent.barcelona\\\/wp-content\\\/uploads\\\/2023\\\/05\\\/Captura-de-Pantalla-2023-05-25-a-les-11.29.32.png\",\"articleSection\":[\"Talent\"],\"inLanguage\":\"es\"},{\"@type\":\"WebPage\",\"@id\":\"https:\\\/\\\/www.talent.barcelona\\\/es\\\/gira-del-20e-aniversari-de-calexico-interpretant-feast-of-wire\\\/\",\"url\":\"https:\\\/\\\/www.talent.barcelona\\\/es\\\/gira-del-20e-aniversari-de-calexico-interpretant-feast-of-wire\\\/\",\"name\":\"\u00a1Gira del 20\u00ba Aniversario de Calexico interpretando \\\"Feast of Wire\\\"! - TALENT\",\"isPartOf\":{\"@id\":\"https:\\\/\\\/www.talent.barcelona\\\/#website\"},\"primaryImageOfPage\":{\"@id\":\"https:\\\/\\\/www.talent.barcelona\\\/es\\\/gira-del-20e-aniversari-de-calexico-interpretant-feast-of-wire\\\/#primaryimage\"},\"image\":{\"@id\":\"https:\\\/\\\/www.talent.barcelona\\\/es\\\/gira-del-20e-aniversari-de-calexico-interpretant-feast-of-wire\\\/#primaryimage\"},\"thumbnailUrl\":\"https:\\\/\\\/www.talent.barcelona\\\/wp-content\\\/uploads\\\/2023\\\/05\\\/Captura-de-Pantalla-2023-05-25-a-les-11.29.32.png\",\"datePublished\":\"2023-06-13T15:35:12+00:00\",\"dateModified\":\"2023-06-30T09:42:39+00:00\",\"author\":{\"@id\":\"https:\\\/\\\/www.talent.barcelona\\\/#\\\/schema\\\/person\\\/90d30856db53f7ff9e3a71a33af7c87b\"},\"breadcrumb\":{\"@id\":\"https:\\\/\\\/www.talent.barcelona\\\/es\\\/gira-del-20e-aniversari-de-calexico-interpretant-feast-of-wire\\\/#breadcrumb\"},\"inLanguage\":\"es\",\"potentialAction\":[{\"@type\":\"ReadAction\",\"target\":[\"https:\\\/\\\/www.talent.barcelona\\\/es\\\/gira-del-20e-aniversari-de-calexico-interpretant-feast-of-wire\\\/\"]}]},{\"@type\":\"ImageObject\",\"inLanguage\":\"es\",\"@id\":\"https:\\\/\\\/www.talent.barcelona\\\/es\\\/gira-del-20e-aniversari-de-calexico-interpretant-feast-of-wire\\\/#primaryimage\",\"url\":\"https:\\\/\\\/www.talent.barcelona\\\/wp-content\\\/uploads\\\/2023\\\/05\\\/Captura-de-Pantalla-2023-05-25-a-les-11.29.32.png\",\"contentUrl\":\"https:\\\/\\\/www.talent.barcelona\\\/wp-content\\\/uploads\\\/2023\\\/05\\\/Captura-de-Pantalla-2023-05-25-a-les-11.29.32.png\",\"width\":1300,\"height\":872},{\"@type\":\"BreadcrumbList\",\"@id\":\"https:\\\/\\\/www.talent.barcelona\\\/es\\\/gira-del-20e-aniversari-de-calexico-interpretant-feast-of-wire\\\/#breadcrumb\",\"itemListElement\":[{\"@type\":\"ListItem\",\"position\":1,\"name\":\"Inici\",\"item\":\"https:\\\/\\\/www.talent.barcelona\\\/es\\\/\"},{\"@type\":\"ListItem\",\"position\":2,\"name\":\"\u00a1Gira del 20\u00ba Aniversario de Calexico interpretando &#8220;Feast of Wire&#8221;!\"}]},{\"@type\":\"WebSite\",\"@id\":\"https:\\\/\\\/www.talent.barcelona\\\/#website\",\"url\":\"https:\\\/\\\/www.talent.barcelona\\\/\",\"name\":\"TALENT\",\"description\":\"REPRESENTACI\u00d3 I PROMOCI\u00d3 D\u2019ARTISTES\",\"potentialAction\":[{\"@type\":\"SearchAction\",\"target\":{\"@type\":\"EntryPoint\",\"urlTemplate\":\"https:\\\/\\\/www.talent.barcelona\\\/?s={search_term_string}\"},\"query-input\":{\"@type\":\"PropertyValueSpecification\",\"valueRequired\":true,\"valueName\":\"search_term_string\"}}],\"inLanguage\":\"es\"},{\"@type\":\"Person\",\"@id\":\"https:\\\/\\\/www.talent.barcelona\\\/#\\\/schema\\\/person\\\/90d30856db53f7ff9e3a71a33af7c87b\",\"name\":\"talent\",\"url\":\"https:\\\/\\\/www.talent.barcelona\\\/es\\\/author\\\/talent\\\/\"}]}<\/script>\n<!-- \/ Yoast SEO plugin. -->","yoast_head_json":{"title":"\u00a1Gira del 20\u00ba Aniversario de Calexico interpretando \"Feast of Wire\"! - TALENT","robots":{"index":"index","follow":"follow","max-snippet":"max-snippet:-1","max-image-preview":"max-image-preview:large","max-video-preview":"max-video-preview:-1"},"canonical":"https:\/\/www.talent.barcelona\/es\/gira-del-20e-aniversari-de-calexico-interpretant-feast-of-wire\/","og_locale":"es_ES","og_type":"article","og_title":"\u00a1Gira del 20\u00ba Aniversario de Calexico interpretando \"Feast of Wire\"! - TALENT","og_description":"Talent Barcelona en colaboraci\u00f3n con Last Tour se une a Calexico en su gira europea conmemorativa del 20\u00ba aniversario de su \u00e1lbum ic\u00f3nico \u00abFeast of Wire\u00bb. Este \u00e1lbum aclamado por la cr\u00edtica y el p\u00fablico les trajo el reconocimiento que merec\u00edan, con canciones seductoras que exploran la esperanza aplastada y la corrupci\u00f3n de la belleza. [&hellip;]","og_url":"https:\/\/www.talent.barcelona\/es\/gira-del-20e-aniversari-de-calexico-interpretant-feast-of-wire\/","og_site_name":"TALENT","article_published_time":"2023-06-13T15:35:12+00:00","article_modified_time":"2023-06-30T09:42:39+00:00","og_image":[{"width":751,"height":504,"url":"https:\/\/www.talent.barcelona\/wp-content\/uploads\/2023\/05\/Captura-de-Pantalla-2023-05-25-a-les-11.29.32-751x504.png","type":"image\/png"}],"author":"talent","twitter_card":"summary_large_image","twitter_misc":{"Escrito por":"talent","Tiempo de lectura":"2 minutos"},"schema":{"@context":"https:\/\/schema.org","@graph":[{"@type":"Article","@id":"https:\/\/www.talent.barcelona\/es\/gira-del-20e-aniversari-de-calexico-interpretant-feast-of-wire\/#article","isPartOf":{"@id":"https:\/\/www.talent.barcelona\/es\/gira-del-20e-aniversari-de-calexico-interpretant-feast-of-wire\/"},"author":{"name":"talent","@id":"https:\/\/www.talent.barcelona\/#\/schema\/person\/90d30856db53f7ff9e3a71a33af7c87b"},"headline":"\u00a1Gira del 20\u00ba Aniversario de Calexico interpretando \u00abFeast of Wire\u00bb!","datePublished":"2023-06-13T15:35:12+00:00","dateModified":"2023-06-30T09:42:39+00:00","mainEntityOfPage":{"@id":"https:\/\/www.talent.barcelona\/es\/gira-del-20e-aniversari-de-calexico-interpretant-feast-of-wire\/"},"wordCount":251,"image":{"@id":"https:\/\/www.talent.barcelona\/es\/gira-del-20e-aniversari-de-calexico-interpretant-feast-of-wire\/#primaryimage"},"thumbnailUrl":"https:\/\/www.talent.barcelona\/wp-content\/uploads\/2023\/05\/Captura-de-Pantalla-2023-05-25-a-les-11.29.32.png","articleSection":["Talent"],"inLanguage":"es"},{"@type":"WebPage","@id":"https:\/\/www.talent.barcelona\/es\/gira-del-20e-aniversari-de-calexico-interpretant-feast-of-wire\/","url":"https:\/\/www.talent.barcelona\/es\/gira-del-20e-aniversari-de-calexico-interpretant-feast-of-wire\/","name":"\u00a1Gira del 20\u00ba Aniversario de Calexico interpretando \"Feast of Wire\"! - TALENT","isPartOf":{"@id":"https:\/\/www.talent.barcelona\/#website"},"primaryImageOfPage":{"@id":"https:\/\/www.talent.barcelona\/es\/gira-del-20e-aniversari-de-calexico-interpretant-feast-of-wire\/#primaryimage"},"image":{"@id":"https:\/\/www.talent.barcelona\/es\/gira-del-20e-aniversari-de-calexico-interpretant-feast-of-wire\/#primaryimage"},"thumbnailUrl":"https:\/\/www.talent.barcelona\/wp-content\/uploads\/2023\/05\/Captura-de-Pantalla-2023-05-25-a-les-11.29.32.png","datePublished":"2023-06-13T15:35:12+00:00","dateModified":"2023-06-30T09:42:39+00:00","author":{"@id":"https:\/\/www.talent.barcelona\/#\/schema\/person\/90d30856db53f7ff9e3a71a33af7c87b"},"breadcrumb":{"@id":"https:\/\/www.talent.barcelona\/es\/gira-del-20e-aniversari-de-calexico-interpretant-feast-of-wire\/#breadcrumb"},"inLanguage":"es","potentialAction":[{"@type":"ReadAction","target":["https:\/\/www.talent.barcelona\/es\/gira-del-20e-aniversari-de-calexico-interpretant-feast-of-wire\/"]}]},{"@type":"ImageObject","inLanguage":"es","@id":"https:\/\/www.talent.barcelona\/es\/gira-del-20e-aniversari-de-calexico-interpretant-feast-of-wire\/#primaryimage","url":"https:\/\/www.talent.barcelona\/wp-content\/uploads\/2023\/05\/Captura-de-Pantalla-2023-05-25-a-les-11.29.32.png","contentUrl":"https:\/\/www.talent.barcelona\/wp-content\/uploads\/2023\/05\/Captura-de-Pantalla-2023-05-25-a-les-11.29.32.png","width":1300,"height":872},{"@type":"BreadcrumbList","@id":"https:\/\/www.talent.barcelona\/es\/gira-del-20e-aniversari-de-calexico-interpretant-feast-of-wire\/#breadcrumb","itemListElement":[{"@type":"ListItem","position":1,"name":"Inici","item":"https:\/\/www.talent.barcelona\/es\/"},{"@type":"ListItem","position":2,"name":"\u00a1Gira del 20\u00ba Aniversario de Calexico interpretando &#8220;Feast of Wire&#8221;!"}]},{"@type":"WebSite","@id":"https:\/\/www.talent.barcelona\/#website","url":"https:\/\/www.talent.barcelona\/","name":"TALENT","description":"REPRESENTACI\u00d3 I PROMOCI\u00d3 D\u2019ARTISTES","potentialAction":[{"@type":"SearchAction","target":{"@type":"EntryPoint","urlTemplate":"https:\/\/www.talent.barcelona\/?s={search_term_string}"},"query-input":{"@type":"PropertyValueSpecification","valueRequired":true,"valueName":"search_term_string"}}],"inLanguage":"es"},{"@type":"Person","@id":"https:\/\/www.talent.barcelona\/#\/schema\/person\/90d30856db53f7ff9e3a71a33af7c87b","name":"talent","url":"https:\/\/www.talent.barcelona\/es\/author\/talent\/"}]}},"_links":{"self":[{"href":"https:\/\/www.talent.barcelona\/es\/wp-json\/wp\/v2\/posts\/1484","targetHints":{"allow":["GET"]}}],"collection":[{"href":"https:\/\/www.talent.barcelona\/es\/wp-json\/wp\/v2\/posts"}],"about":[{"href":"https:\/\/www.talent.barcelona\/es\/wp-json\/wp\/v2\/types\/post"}],"author":[{"embeddable":true,"href":"https:\/\/www.talent.barcelona\/es\/wp-json\/wp\/v2\/users\/3"}],"replies":[{"embeddable":true,"href":"https:\/\/www.talent.barcelona\/es\/wp-json\/wp\/v2\/comments?post=1484"}],"version-history":[{"count":2,"href":"https:\/\/www.talent.barcelona\/es\/wp-json\/wp\/v2\/posts\/1484\/revisions"}],"predecessor-version":[{"id":1548,"href":"https:\/\/www.talent.barcelona\/es\/wp-json\/wp\/v2\/posts\/1484\/revisions\/1548"}],"wp:featuredmedia":[{"embeddable":true,"href":"https:\/\/www.talent.barcelona\/es\/wp-json\/wp\/v2\/media\/1420"}],"wp:attachment":[{"href":"https:\/\/www.talent.barcelona\/es\/wp-json\/wp\/v2\/media?parent=1484"}],"wp:term":[{"taxonomy":"category","embeddable":true,"href":"https:\/\/www.talent.barcelona\/es\/wp-json\/wp\/v2\/categories?post=1484"},{"taxonomy":"post_tag","embeddable":true,"href":"https:\/\/www.talent.barcelona\/es\/wp-json\/wp\/v2\/tags?post=1484"}],"curies":[{"name":"wp","href":"https:\/\/api.w.org\/{rel}","templated":true}]}}