{"id":1274,"date":"2023-04-19T12:42:48","date_gmt":"2023-04-19T10:42:48","guid":{"rendered":"https:\/\/www.talent.barcelona\/en-pau-vallve-fa-vibrar-lapolo\/"},"modified":"2023-04-19T12:49:36","modified_gmt":"2023-04-19T10:49:36","slug":"pau-vallve-hace-vibrar-apolo","status":"publish","type":"post","link":"https:\/\/www.talent.barcelona\/es\/pau-vallve-hace-vibrar-apolo\/","title":{"rendered":"Pau Vallv\u00e9 hace vibrar a Apolo"},"content":{"rendered":"<h3><strong>En Vallv\u00e9 consigue el tercer soldout en Barcelona en menos de cinco meses.<\/strong><\/h3>\n<p>Ayer por la noche, 18 de abril, Pau y su banda ofrecieron un concierto memorable ante una audiencia entregada, disfrutando de una sala que le regalaba el tercer soldout en la ciudad de Barcelona en menos de cinco meses de diferencia.<\/p>\n<p>El concierto comenz\u00f3 puntualmente a las 21:00 horas, y desde el primer momento se not\u00f3 que ser\u00eda una noche especial. La qu\u00edmica entre Pau Vallv\u00e9 y el p\u00fablico fue instant\u00e1nea. Todos respondieron con entusiasmo, cantando y bailando hasta la \u00faltima nota. La Sala Apolo se convirti\u00f3 en una gran fiesta, llena de buen humor y energ\u00eda positiva.<\/p>\n<p>Con entradas agotadas desde dos semanas antes del concierto, Pau Vallv\u00e9 demostr\u00f3, una vez m\u00e1s, que es uno de los mejores cantautores del estado.<\/p>\n<p>El \u00e9xito del concierto qued\u00f3 reflejado en la gran cantidad de gente que quiso saludar y felicitar a Pau Vallv\u00e9 al final del concierto, y que no dud\u00f3 en comprar su disco y hacer una cola de casi 1 hora.<\/p>\n<p>Pr\u00f3ximamente, se anunciar\u00e1n nuevas fechas de concierto para este 2023 y se ir\u00e1n desvelando las sorpresas que guarda el artista.<\/p>\n<p><img loading=\"lazy\" decoding=\"async\" class=\"alignnone size-medium wp-image-841\" src=\"https:\/\/www.talent.barcelona\/wp-content\/uploads\/2022\/07\/PAU-VALLVE-02-Foto-Tina-Riera-496x303.jpg\" alt=\"\" width=\"496\" height=\"303\" \/><\/p>\n","protected":false},"excerpt":{"rendered":"<p>En Vallv\u00e9 consigue el tercer soldout en Barcelona en menos de cinco meses. Ayer por la noche, 18 de abril, Pau y su banda ofrecieron un concierto memorable ante una audiencia entregada, disfrutando de una sala que le regalaba el tercer soldout en la ciudad de Barcelona en menos de cinco meses de diferencia. El [&hellip;]<\/p>\n","protected":false},"author":3,"featured_media":1271,"comment_status":"closed","ping_status":"closed","sticky":false,"template":"","format":"standard","meta":{"_acf_changed":false,"_et_pb_use_builder":"","_et_pb_old_content":"","_et_gb_content_width":"","footnotes":""},"categories":[11],"tags":[],"class_list":["post-1274","post","type-post","status-publish","format-standard","has-post-thumbnail","hentry","category-talent"],"acf":[],"yoast_head":"<!-- This site is optimized with the Yoast SEO plugin v27.4 - https:\/\/yoast.com\/product\/yoast-seo-wordpress\/ -->\n<title>Pau Vallv\u00e9 hace vibrar a Apolo - TALENT<\/title>\n<meta name=\"robots\" content=\"index, follow, max-snippet:-1, max-image-preview:large, max-video-preview:-1\" \/>\n<link rel=\"canonical\" href=\"https:\/\/www.talent.barcelona\/es\/pau-vallve-hace-vibrar-apolo\/\" \/>\n<meta property=\"og:locale\" content=\"es_ES\" \/>\n<meta property=\"og:type\" content=\"article\" \/>\n<meta property=\"og:title\" content=\"Pau Vallv\u00e9 hace vibrar a Apolo - TALENT\" \/>\n<meta property=\"og:description\" content=\"En Vallv\u00e9 consigue el tercer soldout en Barcelona en menos de cinco meses. Ayer por la noche, 18 de abril, Pau y su banda ofrecieron un concierto memorable ante una audiencia entregada, disfrutando de una sala que le regalaba el tercer soldout en la ciudad de Barcelona en menos de cinco meses de diferencia. El [&hellip;]\" \/>\n<meta property=\"og:url\" content=\"https:\/\/www.talent.barcelona\/es\/pau-vallve-hace-vibrar-apolo\/\" \/>\n<meta property=\"og:site_name\" content=\"TALENT\" \/>\n<meta property=\"article:published_time\" content=\"2023-04-19T10:42:48+00:00\" \/>\n<meta property=\"article:modified_time\" content=\"2023-04-19T10:49:36+00:00\" \/>\n<meta property=\"og:image\" content=\"https:\/\/www.talent.barcelona\/wp-content\/uploads\/2023\/04\/WhatsApp-Image-2023-04-19-at-12.38.40.jpeg\" \/>\n\t<meta property=\"og:image:width\" content=\"768\" \/>\n\t<meta property=\"og:image:height\" content=\"1024\" \/>\n\t<meta property=\"og:image:type\" content=\"image\/jpeg\" \/>\n<meta name=\"author\" content=\"talent\" \/>\n<meta name=\"twitter:card\" content=\"summary_large_image\" \/>\n<meta name=\"twitter:label1\" content=\"Escrito por\" \/>\n\t<meta name=\"twitter:data1\" content=\"talent\" \/>\n\t<meta name=\"twitter:label2\" content=\"Tiempo de lectura\" \/>\n\t<meta name=\"twitter:data2\" content=\"1 minuto\" \/>\n<script type=\"application\/ld+json\" class=\"yoast-schema-graph\">{\"@context\":\"https:\\\/\\\/schema.org\",\"@graph\":[{\"@type\":\"Article\",\"@id\":\"https:\\\/\\\/www.talent.barcelona\\\/es\\\/pau-vallve-hace-vibrar-apolo\\\/#article\",\"isPartOf\":{\"@id\":\"https:\\\/\\\/www.talent.barcelona\\\/es\\\/pau-vallve-hace-vibrar-apolo\\\/\"},\"author\":{\"name\":\"talent\",\"@id\":\"https:\\\/\\\/www.talent.barcelona\\\/#\\\/schema\\\/person\\\/90d30856db53f7ff9e3a71a33af7c87b\"},\"headline\":\"Pau Vallv\u00e9 hace vibrar a Apolo\",\"datePublished\":\"2023-04-19T10:42:48+00:00\",\"dateModified\":\"2023-04-19T10:49:36+00:00\",\"mainEntityOfPage\":{\"@id\":\"https:\\\/\\\/www.talent.barcelona\\\/es\\\/pau-vallve-hace-vibrar-apolo\\\/\"},\"wordCount\":206,\"image\":{\"@id\":\"https:\\\/\\\/www.talent.barcelona\\\/es\\\/pau-vallve-hace-vibrar-apolo\\\/#primaryimage\"},\"thumbnailUrl\":\"https:\\\/\\\/www.talent.barcelona\\\/wp-content\\\/uploads\\\/2023\\\/04\\\/WhatsApp-Image-2023-04-19-at-12.38.40.jpeg\",\"articleSection\":[\"Talent\"],\"inLanguage\":\"es\"},{\"@type\":\"WebPage\",\"@id\":\"https:\\\/\\\/www.talent.barcelona\\\/es\\\/pau-vallve-hace-vibrar-apolo\\\/\",\"url\":\"https:\\\/\\\/www.talent.barcelona\\\/es\\\/pau-vallve-hace-vibrar-apolo\\\/\",\"name\":\"Pau Vallv\u00e9 hace vibrar a Apolo - TALENT\",\"isPartOf\":{\"@id\":\"https:\\\/\\\/www.talent.barcelona\\\/#website\"},\"primaryImageOfPage\":{\"@id\":\"https:\\\/\\\/www.talent.barcelona\\\/es\\\/pau-vallve-hace-vibrar-apolo\\\/#primaryimage\"},\"image\":{\"@id\":\"https:\\\/\\\/www.talent.barcelona\\\/es\\\/pau-vallve-hace-vibrar-apolo\\\/#primaryimage\"},\"thumbnailUrl\":\"https:\\\/\\\/www.talent.barcelona\\\/wp-content\\\/uploads\\\/2023\\\/04\\\/WhatsApp-Image-2023-04-19-at-12.38.40.jpeg\",\"datePublished\":\"2023-04-19T10:42:48+00:00\",\"dateModified\":\"2023-04-19T10:49:36+00:00\",\"author\":{\"@id\":\"https:\\\/\\\/www.talent.barcelona\\\/#\\\/schema\\\/person\\\/90d30856db53f7ff9e3a71a33af7c87b\"},\"breadcrumb\":{\"@id\":\"https:\\\/\\\/www.talent.barcelona\\\/es\\\/pau-vallve-hace-vibrar-apolo\\\/#breadcrumb\"},\"inLanguage\":\"es\",\"potentialAction\":[{\"@type\":\"ReadAction\",\"target\":[\"https:\\\/\\\/www.talent.barcelona\\\/es\\\/pau-vallve-hace-vibrar-apolo\\\/\"]}]},{\"@type\":\"ImageObject\",\"inLanguage\":\"es\",\"@id\":\"https:\\\/\\\/www.talent.barcelona\\\/es\\\/pau-vallve-hace-vibrar-apolo\\\/#primaryimage\",\"url\":\"https:\\\/\\\/www.talent.barcelona\\\/wp-content\\\/uploads\\\/2023\\\/04\\\/WhatsApp-Image-2023-04-19-at-12.38.40.jpeg\",\"contentUrl\":\"https:\\\/\\\/www.talent.barcelona\\\/wp-content\\\/uploads\\\/2023\\\/04\\\/WhatsApp-Image-2023-04-19-at-12.38.40.jpeg\",\"width\":768,\"height\":1024},{\"@type\":\"BreadcrumbList\",\"@id\":\"https:\\\/\\\/www.talent.barcelona\\\/es\\\/pau-vallve-hace-vibrar-apolo\\\/#breadcrumb\",\"itemListElement\":[{\"@type\":\"ListItem\",\"position\":1,\"name\":\"Inici\",\"item\":\"https:\\\/\\\/www.talent.barcelona\\\/es\\\/\"},{\"@type\":\"ListItem\",\"position\":2,\"name\":\"Pau Vallv\u00e9 hace vibrar a Apolo\"}]},{\"@type\":\"WebSite\",\"@id\":\"https:\\\/\\\/www.talent.barcelona\\\/#website\",\"url\":\"https:\\\/\\\/www.talent.barcelona\\\/\",\"name\":\"TALENT\",\"description\":\"REPRESENTACI\u00d3 I PROMOCI\u00d3 D\u2019ARTISTES\",\"potentialAction\":[{\"@type\":\"SearchAction\",\"target\":{\"@type\":\"EntryPoint\",\"urlTemplate\":\"https:\\\/\\\/www.talent.barcelona\\\/?s={search_term_string}\"},\"query-input\":{\"@type\":\"PropertyValueSpecification\",\"valueRequired\":true,\"valueName\":\"search_term_string\"}}],\"inLanguage\":\"es\"},{\"@type\":\"Person\",\"@id\":\"https:\\\/\\\/www.talent.barcelona\\\/#\\\/schema\\\/person\\\/90d30856db53f7ff9e3a71a33af7c87b\",\"name\":\"talent\",\"url\":\"https:\\\/\\\/www.talent.barcelona\\\/es\\\/author\\\/talent\\\/\"}]}<\/script>\n<!-- \/ Yoast SEO plugin. -->","yoast_head_json":{"title":"Pau Vallv\u00e9 hace vibrar a Apolo - TALENT","robots":{"index":"index","follow":"follow","max-snippet":"max-snippet:-1","max-image-preview":"max-image-preview:large","max-video-preview":"max-video-preview:-1"},"canonical":"https:\/\/www.talent.barcelona\/es\/pau-vallve-hace-vibrar-apolo\/","og_locale":"es_ES","og_type":"article","og_title":"Pau Vallv\u00e9 hace vibrar a Apolo - TALENT","og_description":"En Vallv\u00e9 consigue el tercer soldout en Barcelona en menos de cinco meses. Ayer por la noche, 18 de abril, Pau y su banda ofrecieron un concierto memorable ante una audiencia entregada, disfrutando de una sala que le regalaba el tercer soldout en la ciudad de Barcelona en menos de cinco meses de diferencia. El [&hellip;]","og_url":"https:\/\/www.talent.barcelona\/es\/pau-vallve-hace-vibrar-apolo\/","og_site_name":"TALENT","article_published_time":"2023-04-19T10:42:48+00:00","article_modified_time":"2023-04-19T10:49:36+00:00","og_image":[{"width":768,"height":1024,"url":"https:\/\/www.talent.barcelona\/wp-content\/uploads\/2023\/04\/WhatsApp-Image-2023-04-19-at-12.38.40.jpeg","type":"image\/jpeg"}],"author":"talent","twitter_card":"summary_large_image","twitter_misc":{"Escrito por":"talent","Tiempo de lectura":"1 minuto"},"schema":{"@context":"https:\/\/schema.org","@graph":[{"@type":"Article","@id":"https:\/\/www.talent.barcelona\/es\/pau-vallve-hace-vibrar-apolo\/#article","isPartOf":{"@id":"https:\/\/www.talent.barcelona\/es\/pau-vallve-hace-vibrar-apolo\/"},"author":{"name":"talent","@id":"https:\/\/www.talent.barcelona\/#\/schema\/person\/90d30856db53f7ff9e3a71a33af7c87b"},"headline":"Pau Vallv\u00e9 hace vibrar a Apolo","datePublished":"2023-04-19T10:42:48+00:00","dateModified":"2023-04-19T10:49:36+00:00","mainEntityOfPage":{"@id":"https:\/\/www.talent.barcelona\/es\/pau-vallve-hace-vibrar-apolo\/"},"wordCount":206,"image":{"@id":"https:\/\/www.talent.barcelona\/es\/pau-vallve-hace-vibrar-apolo\/#primaryimage"},"thumbnailUrl":"https:\/\/www.talent.barcelona\/wp-content\/uploads\/2023\/04\/WhatsApp-Image-2023-04-19-at-12.38.40.jpeg","articleSection":["Talent"],"inLanguage":"es"},{"@type":"WebPage","@id":"https:\/\/www.talent.barcelona\/es\/pau-vallve-hace-vibrar-apolo\/","url":"https:\/\/www.talent.barcelona\/es\/pau-vallve-hace-vibrar-apolo\/","name":"Pau Vallv\u00e9 hace vibrar a Apolo - TALENT","isPartOf":{"@id":"https:\/\/www.talent.barcelona\/#website"},"primaryImageOfPage":{"@id":"https:\/\/www.talent.barcelona\/es\/pau-vallve-hace-vibrar-apolo\/#primaryimage"},"image":{"@id":"https:\/\/www.talent.barcelona\/es\/pau-vallve-hace-vibrar-apolo\/#primaryimage"},"thumbnailUrl":"https:\/\/www.talent.barcelona\/wp-content\/uploads\/2023\/04\/WhatsApp-Image-2023-04-19-at-12.38.40.jpeg","datePublished":"2023-04-19T10:42:48+00:00","dateModified":"2023-04-19T10:49:36+00:00","author":{"@id":"https:\/\/www.talent.barcelona\/#\/schema\/person\/90d30856db53f7ff9e3a71a33af7c87b"},"breadcrumb":{"@id":"https:\/\/www.talent.barcelona\/es\/pau-vallve-hace-vibrar-apolo\/#breadcrumb"},"inLanguage":"es","potentialAction":[{"@type":"ReadAction","target":["https:\/\/www.talent.barcelona\/es\/pau-vallve-hace-vibrar-apolo\/"]}]},{"@type":"ImageObject","inLanguage":"es","@id":"https:\/\/www.talent.barcelona\/es\/pau-vallve-hace-vibrar-apolo\/#primaryimage","url":"https:\/\/www.talent.barcelona\/wp-content\/uploads\/2023\/04\/WhatsApp-Image-2023-04-19-at-12.38.40.jpeg","contentUrl":"https:\/\/www.talent.barcelona\/wp-content\/uploads\/2023\/04\/WhatsApp-Image-2023-04-19-at-12.38.40.jpeg","width":768,"height":1024},{"@type":"BreadcrumbList","@id":"https:\/\/www.talent.barcelona\/es\/pau-vallve-hace-vibrar-apolo\/#breadcrumb","itemListElement":[{"@type":"ListItem","position":1,"name":"Inici","item":"https:\/\/www.talent.barcelona\/es\/"},{"@type":"ListItem","position":2,"name":"Pau Vallv\u00e9 hace vibrar a Apolo"}]},{"@type":"WebSite","@id":"https:\/\/www.talent.barcelona\/#website","url":"https:\/\/www.talent.barcelona\/","name":"TALENT","description":"REPRESENTACI\u00d3 I PROMOCI\u00d3 D\u2019ARTISTES","potentialAction":[{"@type":"SearchAction","target":{"@type":"EntryPoint","urlTemplate":"https:\/\/www.talent.barcelona\/?s={search_term_string}"},"query-input":{"@type":"PropertyValueSpecification","valueRequired":true,"valueName":"search_term_string"}}],"inLanguage":"es"},{"@type":"Person","@id":"https:\/\/www.talent.barcelona\/#\/schema\/person\/90d30856db53f7ff9e3a71a33af7c87b","name":"talent","url":"https:\/\/www.talent.barcelona\/es\/author\/talent\/"}]}},"_links":{"self":[{"href":"https:\/\/www.talent.barcelona\/es\/wp-json\/wp\/v2\/posts\/1274","targetHints":{"allow":["GET"]}}],"collection":[{"href":"https:\/\/www.talent.barcelona\/es\/wp-json\/wp\/v2\/posts"}],"about":[{"href":"https:\/\/www.talent.barcelona\/es\/wp-json\/wp\/v2\/types\/post"}],"author":[{"embeddable":true,"href":"https:\/\/www.talent.barcelona\/es\/wp-json\/wp\/v2\/users\/3"}],"replies":[{"embeddable":true,"href":"https:\/\/www.talent.barcelona\/es\/wp-json\/wp\/v2\/comments?post=1274"}],"version-history":[{"count":2,"href":"https:\/\/www.talent.barcelona\/es\/wp-json\/wp\/v2\/posts\/1274\/revisions"}],"predecessor-version":[{"id":1279,"href":"https:\/\/www.talent.barcelona\/es\/wp-json\/wp\/v2\/posts\/1274\/revisions\/1279"}],"wp:featuredmedia":[{"embeddable":true,"href":"https:\/\/www.talent.barcelona\/es\/wp-json\/wp\/v2\/media\/1271"}],"wp:attachment":[{"href":"https:\/\/www.talent.barcelona\/es\/wp-json\/wp\/v2\/media?parent=1274"}],"wp:term":[{"taxonomy":"category","embeddable":true,"href":"https:\/\/www.talent.barcelona\/es\/wp-json\/wp\/v2\/categories?post=1274"},{"taxonomy":"post_tag","embeddable":true,"href":"https:\/\/www.talent.barcelona\/es\/wp-json\/wp\/v2\/tags?post=1274"}],"curies":[{"name":"wp","href":"https:\/\/api.w.org\/{rel}","templated":true}]}}