{"id":1257,"date":"2023-04-19T11:08:43","date_gmt":"2023-04-19T09:08:43","guid":{"rendered":"https:\/\/www.talent.barcelona\/la-gira-de-31-fam-despega\/"},"modified":"2023-04-19T11:18:49","modified_gmt":"2023-04-19T09:18:49","slug":"gira-de-31-fam-despega","status":"publish","type":"post","link":"https:\/\/www.talent.barcelona\/es\/gira-de-31-fam-despega\/","title":{"rendered":"La gira de 31 FAM despega"},"content":{"rendered":"<p>Ya hemos estrenado la <strong>gira de 31FAM<\/strong>, una de las bandas de m\u00fasica urbana m\u00e1s destacadas y prometedoras de la escena actual, llenando <strong>La Mirona en Girona<\/strong> y <strong>Razzmatazz en Barcelona<\/strong> en sus primeros dos conciertos de inicio de gira y eso ya no hay quien lo pare.<\/p>\n<p>Durante los pr\u00f3ximos meses, recorreremos las principales ciudades y visitaremos por primera vez algunos de los mejores festivales de fuera de Catalu\u00f1a, llevando la energ\u00eda y el ritmo contagioso de la m\u00fasica urbana a cada rinc\u00f3n.<\/p>\n<p>Tenemos claro que estamos siendo testigo de un antes y un despu\u00e9s en la historia de la m\u00fasica urbana, y estamos convencidas de que esta gira, que ahora comienza, ser\u00e1 el punto de inflexi\u00f3n en la carrera de <strong>31FAM<\/strong>.<\/p>\n<p>\u00a1No te los pierdas!<\/p>\n<p><a href=\"https:\/\/www.instagram.com\/p\/CrJlT9Qocf7\/\"><img loading=\"lazy\" decoding=\"async\" class=\"alignnone size-medium wp-image-1252\" src=\"https:\/\/www.talent.barcelona\/wp-content\/uploads\/2023\/04\/Captura-de-Pantalla-2023-04-18-a-les-11.13.14-455x303.png\" alt=\"\" width=\"455\" height=\"303\" \/><\/a><\/p>\n","protected":false},"excerpt":{"rendered":"<p>Ya hemos estrenado la gira de 31FAM, una de las bandas de m\u00fasica urbana m\u00e1s destacadas y prometedoras de la escena actual, llenando La Mirona en Girona y Razzmatazz en Barcelona en sus primeros dos conciertos de inicio de gira y eso ya no hay quien lo pare. Durante los pr\u00f3ximos meses, recorreremos las principales [&hellip;]<\/p>\n","protected":false},"author":3,"featured_media":1251,"comment_status":"closed","ping_status":"closed","sticky":false,"template":"","format":"standard","meta":{"_acf_changed":false,"_et_pb_use_builder":"","_et_pb_old_content":"","_et_gb_content_width":"","footnotes":""},"categories":[11],"tags":[],"class_list":["post-1257","post","type-post","status-publish","format-standard","has-post-thumbnail","hentry","category-talent"],"acf":[],"yoast_head":"<!-- This site is optimized with the Yoast SEO plugin v27.4 - https:\/\/yoast.com\/product\/yoast-seo-wordpress\/ -->\n<title>La gira de 31 FAM despega - TALENT<\/title>\n<meta name=\"robots\" content=\"index, follow, max-snippet:-1, max-image-preview:large, max-video-preview:-1\" \/>\n<link rel=\"canonical\" href=\"https:\/\/www.talent.barcelona\/es\/gira-de-31-fam-despega\/\" \/>\n<meta property=\"og:locale\" content=\"es_ES\" \/>\n<meta property=\"og:type\" content=\"article\" \/>\n<meta property=\"og:title\" content=\"La gira de 31 FAM despega - TALENT\" \/>\n<meta property=\"og:description\" content=\"Ya hemos estrenado la gira de 31FAM, una de las bandas de m\u00fasica urbana m\u00e1s destacadas y prometedoras de la escena actual, llenando La Mirona en Girona y Razzmatazz en Barcelona en sus primeros dos conciertos de inicio de gira y eso ya no hay quien lo pare. Durante los pr\u00f3ximos meses, recorreremos las principales [&hellip;]\" \/>\n<meta property=\"og:url\" content=\"https:\/\/www.talent.barcelona\/es\/gira-de-31-fam-despega\/\" \/>\n<meta property=\"og:site_name\" content=\"TALENT\" \/>\n<meta property=\"article:published_time\" content=\"2023-04-19T09:08:43+00:00\" \/>\n<meta property=\"article:modified_time\" content=\"2023-04-19T09:18:49+00:00\" \/>\n<meta property=\"og:image\" content=\"https:\/\/www.talent.barcelona\/wp-content\/uploads\/2023\/04\/Neutral-Minimalist-Were-Open-Sign-scaled.jpg\" \/>\n\t<meta property=\"og:image:width\" content=\"1920\" \/>\n\t<meta property=\"og:image:height\" content=\"2560\" \/>\n\t<meta property=\"og:image:type\" content=\"image\/jpeg\" \/>\n<meta name=\"author\" content=\"talent\" \/>\n<meta name=\"twitter:card\" content=\"summary_large_image\" \/>\n<meta name=\"twitter:label1\" content=\"Escrito por\" \/>\n\t<meta name=\"twitter:data1\" content=\"talent\" \/>\n\t<meta name=\"twitter:label2\" content=\"Tiempo de lectura\" \/>\n\t<meta name=\"twitter:data2\" content=\"1 minuto\" \/>\n<script type=\"application\/ld+json\" class=\"yoast-schema-graph\">{\"@context\":\"https:\\\/\\\/schema.org\",\"@graph\":[{\"@type\":\"Article\",\"@id\":\"https:\\\/\\\/www.talent.barcelona\\\/es\\\/gira-de-31-fam-despega\\\/#article\",\"isPartOf\":{\"@id\":\"https:\\\/\\\/www.talent.barcelona\\\/es\\\/gira-de-31-fam-despega\\\/\"},\"author\":{\"name\":\"talent\",\"@id\":\"https:\\\/\\\/www.talent.barcelona\\\/#\\\/schema\\\/person\\\/90d30856db53f7ff9e3a71a33af7c87b\"},\"headline\":\"La gira de 31 FAM despega\",\"datePublished\":\"2023-04-19T09:08:43+00:00\",\"dateModified\":\"2023-04-19T09:18:49+00:00\",\"mainEntityOfPage\":{\"@id\":\"https:\\\/\\\/www.talent.barcelona\\\/es\\\/gira-de-31-fam-despega\\\/\"},\"wordCount\":142,\"image\":{\"@id\":\"https:\\\/\\\/www.talent.barcelona\\\/es\\\/gira-de-31-fam-despega\\\/#primaryimage\"},\"thumbnailUrl\":\"https:\\\/\\\/www.talent.barcelona\\\/wp-content\\\/uploads\\\/2023\\\/04\\\/Neutral-Minimalist-Were-Open-Sign-scaled.jpg\",\"articleSection\":[\"Talent\"],\"inLanguage\":\"es\"},{\"@type\":\"WebPage\",\"@id\":\"https:\\\/\\\/www.talent.barcelona\\\/es\\\/gira-de-31-fam-despega\\\/\",\"url\":\"https:\\\/\\\/www.talent.barcelona\\\/es\\\/gira-de-31-fam-despega\\\/\",\"name\":\"La gira de 31 FAM despega - TALENT\",\"isPartOf\":{\"@id\":\"https:\\\/\\\/www.talent.barcelona\\\/#website\"},\"primaryImageOfPage\":{\"@id\":\"https:\\\/\\\/www.talent.barcelona\\\/es\\\/gira-de-31-fam-despega\\\/#primaryimage\"},\"image\":{\"@id\":\"https:\\\/\\\/www.talent.barcelona\\\/es\\\/gira-de-31-fam-despega\\\/#primaryimage\"},\"thumbnailUrl\":\"https:\\\/\\\/www.talent.barcelona\\\/wp-content\\\/uploads\\\/2023\\\/04\\\/Neutral-Minimalist-Were-Open-Sign-scaled.jpg\",\"datePublished\":\"2023-04-19T09:08:43+00:00\",\"dateModified\":\"2023-04-19T09:18:49+00:00\",\"author\":{\"@id\":\"https:\\\/\\\/www.talent.barcelona\\\/#\\\/schema\\\/person\\\/90d30856db53f7ff9e3a71a33af7c87b\"},\"breadcrumb\":{\"@id\":\"https:\\\/\\\/www.talent.barcelona\\\/es\\\/gira-de-31-fam-despega\\\/#breadcrumb\"},\"inLanguage\":\"es\",\"potentialAction\":[{\"@type\":\"ReadAction\",\"target\":[\"https:\\\/\\\/www.talent.barcelona\\\/es\\\/gira-de-31-fam-despega\\\/\"]}]},{\"@type\":\"ImageObject\",\"inLanguage\":\"es\",\"@id\":\"https:\\\/\\\/www.talent.barcelona\\\/es\\\/gira-de-31-fam-despega\\\/#primaryimage\",\"url\":\"https:\\\/\\\/www.talent.barcelona\\\/wp-content\\\/uploads\\\/2023\\\/04\\\/Neutral-Minimalist-Were-Open-Sign-scaled.jpg\",\"contentUrl\":\"https:\\\/\\\/www.talent.barcelona\\\/wp-content\\\/uploads\\\/2023\\\/04\\\/Neutral-Minimalist-Were-Open-Sign-scaled.jpg\",\"width\":1920,\"height\":2560},{\"@type\":\"BreadcrumbList\",\"@id\":\"https:\\\/\\\/www.talent.barcelona\\\/es\\\/gira-de-31-fam-despega\\\/#breadcrumb\",\"itemListElement\":[{\"@type\":\"ListItem\",\"position\":1,\"name\":\"Inici\",\"item\":\"https:\\\/\\\/www.talent.barcelona\\\/es\\\/\"},{\"@type\":\"ListItem\",\"position\":2,\"name\":\"La gira de 31 FAM despega\"}]},{\"@type\":\"WebSite\",\"@id\":\"https:\\\/\\\/www.talent.barcelona\\\/#website\",\"url\":\"https:\\\/\\\/www.talent.barcelona\\\/\",\"name\":\"TALENT\",\"description\":\"REPRESENTACI\u00d3 I PROMOCI\u00d3 D\u2019ARTISTES\",\"potentialAction\":[{\"@type\":\"SearchAction\",\"target\":{\"@type\":\"EntryPoint\",\"urlTemplate\":\"https:\\\/\\\/www.talent.barcelona\\\/?s={search_term_string}\"},\"query-input\":{\"@type\":\"PropertyValueSpecification\",\"valueRequired\":true,\"valueName\":\"search_term_string\"}}],\"inLanguage\":\"es\"},{\"@type\":\"Person\",\"@id\":\"https:\\\/\\\/www.talent.barcelona\\\/#\\\/schema\\\/person\\\/90d30856db53f7ff9e3a71a33af7c87b\",\"name\":\"talent\",\"url\":\"https:\\\/\\\/www.talent.barcelona\\\/es\\\/author\\\/talent\\\/\"}]}<\/script>\n<!-- \/ Yoast SEO plugin. -->","yoast_head_json":{"title":"La gira de 31 FAM despega - TALENT","robots":{"index":"index","follow":"follow","max-snippet":"max-snippet:-1","max-image-preview":"max-image-preview:large","max-video-preview":"max-video-preview:-1"},"canonical":"https:\/\/www.talent.barcelona\/es\/gira-de-31-fam-despega\/","og_locale":"es_ES","og_type":"article","og_title":"La gira de 31 FAM despega - TALENT","og_description":"Ya hemos estrenado la gira de 31FAM, una de las bandas de m\u00fasica urbana m\u00e1s destacadas y prometedoras de la escena actual, llenando La Mirona en Girona y Razzmatazz en Barcelona en sus primeros dos conciertos de inicio de gira y eso ya no hay quien lo pare. Durante los pr\u00f3ximos meses, recorreremos las principales [&hellip;]","og_url":"https:\/\/www.talent.barcelona\/es\/gira-de-31-fam-despega\/","og_site_name":"TALENT","article_published_time":"2023-04-19T09:08:43+00:00","article_modified_time":"2023-04-19T09:18:49+00:00","og_image":[{"width":1920,"height":2560,"url":"https:\/\/www.talent.barcelona\/wp-content\/uploads\/2023\/04\/Neutral-Minimalist-Were-Open-Sign-scaled.jpg","type":"image\/jpeg"}],"author":"talent","twitter_card":"summary_large_image","twitter_misc":{"Escrito por":"talent","Tiempo de lectura":"1 minuto"},"schema":{"@context":"https:\/\/schema.org","@graph":[{"@type":"Article","@id":"https:\/\/www.talent.barcelona\/es\/gira-de-31-fam-despega\/#article","isPartOf":{"@id":"https:\/\/www.talent.barcelona\/es\/gira-de-31-fam-despega\/"},"author":{"name":"talent","@id":"https:\/\/www.talent.barcelona\/#\/schema\/person\/90d30856db53f7ff9e3a71a33af7c87b"},"headline":"La gira de 31 FAM despega","datePublished":"2023-04-19T09:08:43+00:00","dateModified":"2023-04-19T09:18:49+00:00","mainEntityOfPage":{"@id":"https:\/\/www.talent.barcelona\/es\/gira-de-31-fam-despega\/"},"wordCount":142,"image":{"@id":"https:\/\/www.talent.barcelona\/es\/gira-de-31-fam-despega\/#primaryimage"},"thumbnailUrl":"https:\/\/www.talent.barcelona\/wp-content\/uploads\/2023\/04\/Neutral-Minimalist-Were-Open-Sign-scaled.jpg","articleSection":["Talent"],"inLanguage":"es"},{"@type":"WebPage","@id":"https:\/\/www.talent.barcelona\/es\/gira-de-31-fam-despega\/","url":"https:\/\/www.talent.barcelona\/es\/gira-de-31-fam-despega\/","name":"La gira de 31 FAM despega - TALENT","isPartOf":{"@id":"https:\/\/www.talent.barcelona\/#website"},"primaryImageOfPage":{"@id":"https:\/\/www.talent.barcelona\/es\/gira-de-31-fam-despega\/#primaryimage"},"image":{"@id":"https:\/\/www.talent.barcelona\/es\/gira-de-31-fam-despega\/#primaryimage"},"thumbnailUrl":"https:\/\/www.talent.barcelona\/wp-content\/uploads\/2023\/04\/Neutral-Minimalist-Were-Open-Sign-scaled.jpg","datePublished":"2023-04-19T09:08:43+00:00","dateModified":"2023-04-19T09:18:49+00:00","author":{"@id":"https:\/\/www.talent.barcelona\/#\/schema\/person\/90d30856db53f7ff9e3a71a33af7c87b"},"breadcrumb":{"@id":"https:\/\/www.talent.barcelona\/es\/gira-de-31-fam-despega\/#breadcrumb"},"inLanguage":"es","potentialAction":[{"@type":"ReadAction","target":["https:\/\/www.talent.barcelona\/es\/gira-de-31-fam-despega\/"]}]},{"@type":"ImageObject","inLanguage":"es","@id":"https:\/\/www.talent.barcelona\/es\/gira-de-31-fam-despega\/#primaryimage","url":"https:\/\/www.talent.barcelona\/wp-content\/uploads\/2023\/04\/Neutral-Minimalist-Were-Open-Sign-scaled.jpg","contentUrl":"https:\/\/www.talent.barcelona\/wp-content\/uploads\/2023\/04\/Neutral-Minimalist-Were-Open-Sign-scaled.jpg","width":1920,"height":2560},{"@type":"BreadcrumbList","@id":"https:\/\/www.talent.barcelona\/es\/gira-de-31-fam-despega\/#breadcrumb","itemListElement":[{"@type":"ListItem","position":1,"name":"Inici","item":"https:\/\/www.talent.barcelona\/es\/"},{"@type":"ListItem","position":2,"name":"La gira de 31 FAM despega"}]},{"@type":"WebSite","@id":"https:\/\/www.talent.barcelona\/#website","url":"https:\/\/www.talent.barcelona\/","name":"TALENT","description":"REPRESENTACI\u00d3 I PROMOCI\u00d3 D\u2019ARTISTES","potentialAction":[{"@type":"SearchAction","target":{"@type":"EntryPoint","urlTemplate":"https:\/\/www.talent.barcelona\/?s={search_term_string}"},"query-input":{"@type":"PropertyValueSpecification","valueRequired":true,"valueName":"search_term_string"}}],"inLanguage":"es"},{"@type":"Person","@id":"https:\/\/www.talent.barcelona\/#\/schema\/person\/90d30856db53f7ff9e3a71a33af7c87b","name":"talent","url":"https:\/\/www.talent.barcelona\/es\/author\/talent\/"}]}},"_links":{"self":[{"href":"https:\/\/www.talent.barcelona\/es\/wp-json\/wp\/v2\/posts\/1257","targetHints":{"allow":["GET"]}}],"collection":[{"href":"https:\/\/www.talent.barcelona\/es\/wp-json\/wp\/v2\/posts"}],"about":[{"href":"https:\/\/www.talent.barcelona\/es\/wp-json\/wp\/v2\/types\/post"}],"author":[{"embeddable":true,"href":"https:\/\/www.talent.barcelona\/es\/wp-json\/wp\/v2\/users\/3"}],"replies":[{"embeddable":true,"href":"https:\/\/www.talent.barcelona\/es\/wp-json\/wp\/v2\/comments?post=1257"}],"version-history":[{"count":4,"href":"https:\/\/www.talent.barcelona\/es\/wp-json\/wp\/v2\/posts\/1257\/revisions"}],"predecessor-version":[{"id":1265,"href":"https:\/\/www.talent.barcelona\/es\/wp-json\/wp\/v2\/posts\/1257\/revisions\/1265"}],"wp:featuredmedia":[{"embeddable":true,"href":"https:\/\/www.talent.barcelona\/es\/wp-json\/wp\/v2\/media\/1251"}],"wp:attachment":[{"href":"https:\/\/www.talent.barcelona\/es\/wp-json\/wp\/v2\/media?parent=1257"}],"wp:term":[{"taxonomy":"category","embeddable":true,"href":"https:\/\/www.talent.barcelona\/es\/wp-json\/wp\/v2\/categories?post=1257"},{"taxonomy":"post_tag","embeddable":true,"href":"https:\/\/www.talent.barcelona\/es\/wp-json\/wp\/v2\/tags?post=1257"}],"curies":[{"name":"wp","href":"https:\/\/api.w.org\/{rel}","templated":true}]}}